{"id":975,"date":"2012-10-26T07:58:06","date_gmt":"2012-10-26T07:58:06","guid":{"rendered":"http:\/\/calu.me\/bitacora\/?p=975"},"modified":"2012-10-25T15:50:28","modified_gmt":"2012-10-25T15:50:28","slug":"paz-peru-y-ecuador","status":"publish","type":"post","link":"https:\/\/calu.me\/bitacora\/2012\/10\/26\/paz-peru-y-ecuador.html","title":{"rendered":"Paz (Per\u00fa y Ecuador)"},"content":{"rendered":"<p><img loading=\"lazy\" decoding=\"async\" src=\"http:\/\/calu.me\/bitacora\/files\/2012\/10\/paz-300x287.jpg\" alt=\"\" title=\"paz\" width=\"300\" height=\"287\" class=\"aligncenter size-medium wp-image-979\" style=\"float: right;margin: 0px 0px 20px 20px\" srcset=\"https:\/\/calu.me\/bitacora\/wp-content\/blogs.dir\/2\/files\/2012\/10\/paz-300x287.jpg 300w, https:\/\/calu.me\/bitacora\/wp-content\/blogs.dir\/2\/files\/2012\/10\/paz.jpg 479w\" sizes=\"auto, (max-width: 300px) 100vw, 300px\" \/>Si se tratara de un ser humano, hoy una hermosa ni\u00f1a nacida en 1998 festejar\u00eda su 14 cumplea\u00f1os. Ser\u00eda guapa \u2013como todo padre que mira con ojos de ternura a su hija\u2013, inteligente, destacada, con ganas de comerse el mundo viviendo una de las mejores etapas de su vida, en plena adolescencia y prepar\u00e1ndose para entrar a la edad madura. Se llamar\u00eda Paz, o Mar\u00eda Paz, nombre bonito. Seguramente Mar\u00eda Paz invitar\u00eda a sus familiares y amigos a celebrar, seguramente yo asistir\u00eda.<\/p>\n<p>Pero no se trata de Mar\u00eda Paz, aunque si de una celebraci\u00f3n que \u2013sin ser pesimista\u2013 creo que no llega ni a la adolescencia. Los inicios aproximados en la relaciones ecuaperuanas se aproximan a los a\u00f1os 500 d.C. cuando nuestras culturas Vic\u00fas, Tallanes, Paltas, Bracamoros, Machalillas, etc. viv\u00edan en este enclave geogr\u00e1fico comercializando y compartiendo inclusive mucho antes de la llegada y conquista del Imperio Inca. Al final de esta l\u00ednea de tiempo nos situamos en el presente, a\u00f1o 2012, albores del siglo XXI. Si graficamos en espacios de tiempo la guerra entre nuestros pa\u00edses \u2013cuyos primeros conflictos se remontan a inicios de 1940 y finalizan hace 14 a\u00f1os\u2013 ustedes se fijar\u00e1n que ese conflicto resulta insignificante en medidas de tiempo, cuya magnitud contrasta con las consecuencias originadas por una guerra, junto a un mal recuerdo de enemistad y desconfianza entre pa\u00edses, y lo que es peor: la minusvaloraci\u00f3n de la vida y la muerte entre hermanos.<\/p>\n<p align=\"center\"><img loading=\"lazy\" decoding=\"async\" width=\"800\" height=\"556\" src=\"http:\/\/calu.me\/bitacora\/files\/2012\/10\/linea_de_tiempo.jpg\" alt=\"\" title=\"linea_de_tiempo\" class=\"aligncenter size-full wp-image-980\" \/<\/p srcset=\"https:\/\/calu.me\/bitacora\/wp-content\/blogs.dir\/2\/files\/2012\/10\/linea_de_tiempo.jpg 800w, https:\/\/calu.me\/bitacora\/wp-content\/blogs.dir\/2\/files\/2012\/10\/linea_de_tiempo-300x208.jpg 300w\" sizes=\"auto, (max-width: 800px) 100vw, 800px\" \/>\n<p><!-- more --><br \/>\nLa relaci\u00f3n y cohexistencia de nuestros pueblos en la Regi\u00f3n Ecuaperuana rebasa con mucha ventaja lo que nuestra diminuta visi\u00f3n cortoplazista pueda intentar enga\u00f1arnos. Mientras estamos celebrando alegres cada conmemoraci\u00f3n del acuerdo de paz, nuestros ancestros durante much\u00edsimo m\u00e1s tiempo ejercieron esa paz sin conocer una guerra, sin conocer una frontera dibujada en un mapa de papel. No podemos desconocer este legado.<\/p>\n<p>Hoy que celebramos no solamente la ausencia de la guerra sino la firma de la paz tengo preguntas m\u00e1s que respuestas, comparto algunas de ellas:<\/p>\n<ol>\n<li>\u00bfCu\u00e1nto nos conocen los habitantes del norte del Per\u00fa a nosotros ? \u00bfy viceversa? Conocer en el sentido de entender costumbres, cultura, industria, comercio, historia, geograf\u00eda, entorno, etc.<\/li>\n<li>\u00bfLa regi\u00f3n sur del Ecuador sigue enfocada viendo el norte del pa\u00eds como mercado, destino, oportunidad, etc.? \u00bfsucede lo mismo en el norte peruano mirando hacia el sur de ese pa\u00eds? \u00bfcomo si ambos habitantes de cada lado de la frontera nos di\u00e9ramos las espaldas?<\/li>\n<li>\u00bfLos habitantes de esta zona ecuaperuana \u20133,5 millones\u2013 hemos podido aprovechar inteligentemente este acuerdo de paz?<\/li>\n<li>La paz y la confianza mutua no crecen de forma espont\u00e1nea. \u00bfQu\u00e9 estamos haciendo para forjarla y fortalecerla?<\/li>\n<li>Mas all\u00e1 de los l\u00edricos acuerdos, convenios, tratados, inauguraciones, fotos, etc. \u00bfQu\u00e9 resultados concretos hemos alcanzado?<\/li>\n<li>Afortunadamente no estamos en guerra, pero&#8230; \u00bfVivimos una paz activa o pasiva?<\/li>\n<li>Y finalmente, sin querer echar todo el peso al gobierno \u00bfCu\u00e1les han sido las acciones que han respondido a las preguntas anteriores? \u00bfLos ciudadanos conocemos de las agendas de trabajo del gobierno sobre este tema?<\/li>\n<\/ol>\n<p>\u00bfAlguien se anima a responder?<\/p>\n<p>Feliz 14 cumplea\u00f1os a la Macroregi\u00f3n Ecuaperuana !<\/p>\n","protected":false},"excerpt":{"rendered":"<p>Si se tratara de un ser humano, hoy una hermosa ni\u00f1a nacida en 1998 festejar\u00eda su 14 cumplea\u00f1os. Ser\u00eda guapa \u2013como todo padre que mira con ojos de ternura a su hija\u2013, inteligente, destacada, con ganas de comerse el mundo viviendo una de las mejores etapas de su vida, en plena adolescencia y prepar\u00e1ndose para [&hellip;]<\/p>\n","protected":false},"author":1,"featured_media":0,"comment_status":"open","ping_status":"open","sticky":false,"template":"","format":"standard","meta":{"footnotes":""},"categories":[4],"tags":[141,468,251,255],"class_list":["post-975","post","type-post","status-publish","format-standard","hentry","category-ecuaperu","tag-ecuador","tag-ecuaperu","tag-paz","tag-peru"],"_links":{"self":[{"href":"https:\/\/calu.me\/bitacora\/wp-json\/wp\/v2\/posts\/975","targetHints":{"allow":["GET"]}}],"collection":[{"href":"https:\/\/calu.me\/bitacora\/wp-json\/wp\/v2\/posts"}],"about":[{"href":"https:\/\/calu.me\/bitacora\/wp-json\/wp\/v2\/types\/post"}],"author":[{"embeddable":true,"href":"https:\/\/calu.me\/bitacora\/wp-json\/wp\/v2\/users\/1"}],"replies":[{"embeddable":true,"href":"https:\/\/calu.me\/bitacora\/wp-json\/wp\/v2\/comments?post=975"}],"version-history":[{"count":5,"href":"https:\/\/calu.me\/bitacora\/wp-json\/wp\/v2\/posts\/975\/revisions"}],"predecessor-version":[{"id":982,"href":"https:\/\/calu.me\/bitacora\/wp-json\/wp\/v2\/posts\/975\/revisions\/982"}],"wp:attachment":[{"href":"https:\/\/calu.me\/bitacora\/wp-json\/wp\/v2\/media?parent=975"}],"wp:term":[{"taxonomy":"category","embeddable":true,"href":"https:\/\/calu.me\/bitacora\/wp-json\/wp\/v2\/categories?post=975"},{"taxonomy":"post_tag","embeddable":true,"href":"https:\/\/calu.me\/bitacora\/wp-json\/wp\/v2\/tags?post=975"}],"curies":[{"name":"wp","href":"https:\/\/api.w.org\/{rel}","templated":true}]}}