{"id":588,"date":"2011-04-21T12:44:11","date_gmt":"2011-04-21T17:44:11","guid":{"rendered":"http:\/\/calu.me\/bitacora\/?p=588"},"modified":"2011-04-21T12:44:11","modified_gmt":"2011-04-21T17:44:11","slug":"encuentro-iberoamericano-de-educacion-superior-a-distancia","status":"publish","type":"post","link":"https:\/\/calu.me\/bitacora\/2011\/04\/21\/encuentro-iberoamericano-de-educacion-superior-a-distancia.html","title":{"rendered":"Encuentro Iberoamericano de Educaci\u00f3n Superior a Distancia"},"content":{"rendered":"<p>Se viene otro de los eventos internacionales a lo que la UTPL nos tiene acostumbrados. Bajo el lema \u00ab<strong>Logros y desaf\u00edos de la Educaci\u00f3n a Distancia: inclusi\u00f3n e innovaci\u00f3n en el Espacio Iberoamericano del Conocimiento<\/strong>\u00ab, la Asociaci\u00f3n Iberoamericana de Educaci\u00f3n Superior a Distancia &#8211; <a href=\"http:\/\/www.uned.es\/aiesad\/\">AIESAD<\/a> y la Universidad T\u00e9cnica Particular de Loja &#8211; <a href=\"http:\/\/www.utpl.edu.ec\/\">UTPL<\/a> conjuntamente con el Instituto Latinoamericano y del Caribe de Calidad en Educaci\u00f3n Superior a Distancia &#8211; <a href=\"http:\/\/www.utpl.edu.ec\/caled\/\">CALED<\/a>, organizan del 28 al 30 de septiembre de 2011 en Loja (Ecuador), la d\u00e9cimo cuarta edici\u00f3n de su Encuentro Iberoamericano de Educaci\u00f3n Superior a Distancia.<\/p>\n<p align=\"center\"><img loading=\"lazy\" decoding=\"async\" src=\"http:\/\/calu.me\/bitacora\/files\/2011\/04\/aiesad.jpg\" alt=\"\" width=\"425\" height=\"650\" class=\"alignnone size-full wp-image-589\" srcset=\"https:\/\/calu.me\/bitacora\/wp-content\/blogs.dir\/2\/files\/2011\/04\/aiesad.jpg 425w, https:\/\/calu.me\/bitacora\/wp-content\/blogs.dir\/2\/files\/2011\/04\/aiesad-196x300.jpg 196w\" sizes=\"auto, (max-width: 425px) 100vw, 425px\" \/><\/p>\n<p>Toda la informaci\u00f3n del evento <a href=\"http:\/\/www.utpl.edu.ec\/aiesad14\/\">se encuentra en este enlace<\/a>, an\u00edmate a visitar Loja para discutir sobre estos temas (uno de los ejes tem\u00e1ticos ser\u00e1 la tecnolog\u00eda y la innovaci\u00f3n en la EaD), si nunca has venido al sur del Ecuador <a href=\"http:\/\/wikitravel.org\/es\/Loja\">ac\u00e1 tienes una muy buena gu\u00eda<\/a>.<\/p>\n","protected":false},"excerpt":{"rendered":"<p>Se viene otro de los eventos internacionales a lo que la UTPL nos tiene acostumbrados. Bajo el lema \u00abLogros y desaf\u00edos de la Educaci\u00f3n a Distancia: inclusi\u00f3n e innovaci\u00f3n en el Espacio Iberoamericano del Conocimiento\u00ab, la Asociaci\u00f3n Iberoamericana de Educaci\u00f3n Superior a Distancia &#8211; AIESAD y la Universidad T\u00e9cnica Particular de Loja &#8211; UTPL conjuntamente [&hellip;]<\/p>\n","protected":false},"author":1,"featured_media":0,"comment_status":"open","ping_status":"open","sticky":false,"template":"","format":"standard","meta":{"footnotes":""},"categories":[29,12,21],"tags":[58,89,138,470,212,474],"class_list":["post-588","post","type-post","status-publish","format-standard","hentry","category-educacion-a-distancia","category-loja","category-utpl","tag-aiesad","tag-caled","tag-ead","tag-loja","tag-loxa","tag-utpl"],"_links":{"self":[{"href":"https:\/\/calu.me\/bitacora\/wp-json\/wp\/v2\/posts\/588","targetHints":{"allow":["GET"]}}],"collection":[{"href":"https:\/\/calu.me\/bitacora\/wp-json\/wp\/v2\/posts"}],"about":[{"href":"https:\/\/calu.me\/bitacora\/wp-json\/wp\/v2\/types\/post"}],"author":[{"embeddable":true,"href":"https:\/\/calu.me\/bitacora\/wp-json\/wp\/v2\/users\/1"}],"replies":[{"embeddable":true,"href":"https:\/\/calu.me\/bitacora\/wp-json\/wp\/v2\/comments?post=588"}],"version-history":[{"count":0,"href":"https:\/\/calu.me\/bitacora\/wp-json\/wp\/v2\/posts\/588\/revisions"}],"wp:attachment":[{"href":"https:\/\/calu.me\/bitacora\/wp-json\/wp\/v2\/media?parent=588"}],"wp:term":[{"taxonomy":"category","embeddable":true,"href":"https:\/\/calu.me\/bitacora\/wp-json\/wp\/v2\/categories?post=588"},{"taxonomy":"post_tag","embeddable":true,"href":"https:\/\/calu.me\/bitacora\/wp-json\/wp\/v2\/tags?post=588"}],"curies":[{"name":"wp","href":"https:\/\/api.w.org\/{rel}","templated":true}]}}