{"id":576,"date":"2011-04-19T19:04:58","date_gmt":"2011-04-20T00:04:58","guid":{"rendered":"http:\/\/calu.me\/bitacora\/?p=576"},"modified":"2011-04-19T19:04:58","modified_gmt":"2011-04-20T00:04:58","slug":"copiad-malditos-el-documental-sobre-derechos-de-autor-copiadmalditos","status":"publish","type":"post","link":"https:\/\/calu.me\/bitacora\/2011\/04\/19\/copiad-malditos-el-documental-sobre-derechos-de-autor-copiadmalditos.html","title":{"rendered":"\u00a1Copiad, malditos! el documental sobre derechos de autor #CopiadMalditos"},"content":{"rendered":"<p>En el \u00faltimo <a href=\"http:\/\/barcampquito.org\/\">BarCamp de Quito<\/a> (puedes <a href=\"http:\/\/www.bureado.com\/archives\/950\">leer una buena rese\u00f1a<\/a> de <a href=\"https:\/\/twitter.com\/bureado\">@bureado<\/a>) pude compartir uno de los debates sobre derechos de autor y propiedad intelectual junto a Andr\u00e9s Ycaza (<a href=\"https:\/\/twitter.com\/aycazam\">@aycazam<\/a>), Efr\u00e9n Guerrero (<a href=\"https:\/\/twitter.com\/auraneurotica\">@auraneurotica<\/a>), Francisco \u00abPancho\u00bb Prado (no tiene Twitter) y Ma. Cristina Mart\u00ednez (<a href=\"https:\/\/twitter.com\/crism321\">@crism321<\/a>) como moderadora. Si tienes tiempo y paciencia <a href=\"http:\/\/www.ustream.tv\/recorded\/13732896\">puedes ver el video completo<\/a>, de todas formas, mi apreciaci\u00f3n personal fue que al final nos quedamos con ganas de seguir debatiendo entre todos. Este post pretende eso, continuar con ese debate.<\/p>\n<p><img loading=\"lazy\" decoding=\"async\" src=\"http:\/\/calu.me\/bitacora\/files\/2011\/04\/copiad_malditos.jpg\" alt=\"\" width=\"274\" height=\"151\" class=\"alignnone size-full wp-image-577\" style=\"float: right;margin: 0px 0px 20px 20px\" srcset=\"https:\/\/calu.me\/bitacora\/wp-content\/blogs.dir\/2\/files\/2011\/04\/copiad_malditos.jpg 548w, https:\/\/calu.me\/bitacora\/wp-content\/blogs.dir\/2\/files\/2011\/04\/copiad_malditos-300x165.jpg 300w, https:\/\/calu.me\/bitacora\/wp-content\/blogs.dir\/2\/files\/2011\/04\/copiad_malditos-500x275.jpg 500w\" sizes=\"auto, (max-width: 274px) 100vw, 274px\" \/>Desde hace unos d\u00edas <a href=\"http:\/\/www.rtve.es\/television\/documentales\/copiad-malditos\/\">est\u00e1 disponible el documental \u00a1Copiad, malditos!<\/a> (<a href=\"http:\/\/copiadmalditos.blogspot.com\/p\/home-que-es-esto.html\">pr\u00f3ximamente para descarga<\/a> en la web del productor), una coproducci\u00f3n de <a href=\"http:\/\/www.rtve.es\/\">rtve.es<\/a> y <a href=\"http:\/\/www.elegantmob.net\/\">elegantmobfilms<\/a> que trata sobre los derechos de autor en Espa\u00f1a. Aunque no es del todo de mi gusto personal, creo que si hay aspectos que se tratan adecuadamente, en algunos casos con analog\u00edas que tambi\u00e9n suceden en Ecuador (\u00abcampa\u00f1as de conciencia\u00bb, colectivos culturales, <a href=\"http:\/\/es.wikipedia.org\/wiki\/Netlabel\"><em>netlabel<\/em><\/a>, etc.). Creo que en 60 minutos se hubiera podido conseguir m\u00e1s, usando menos la recurrencia de buscar la mejor licencia Creative Commons para el documental. De todas formas les invito a verlo y a seguir en el debate.<\/p>\n","protected":false},"excerpt":{"rendered":"<p>En el \u00faltimo BarCamp de Quito (puedes leer una buena rese\u00f1a de @bureado) pude compartir uno de los debates sobre derechos de autor y propiedad intelectual junto a Andr\u00e9s Ycaza (@aycazam), Efr\u00e9n Guerrero (@auraneurotica), Francisco \u00abPancho\u00bb Prado (no tiene Twitter) y Ma. Cristina Mart\u00ednez (@crism321) como moderadora. Si tienes tiempo y paciencia puedes ver el [&hellip;]<\/p>\n","protected":false},"author":1,"featured_media":0,"comment_status":"open","ping_status":"open","sticky":false,"template":"","format":"standard","meta":{"footnotes":""},"categories":[3,23],"tags":[39,69,74,100,467,135],"class_list":["post-576","post","type-post","status-publish","format-standard","hentry","category-creative-commons","category-videos","tag-copiadmalditos","tag-barcamp","tag-barcampuio","tag-cc","tag-creative-commons","tag-documental"],"_links":{"self":[{"href":"https:\/\/calu.me\/bitacora\/wp-json\/wp\/v2\/posts\/576","targetHints":{"allow":["GET"]}}],"collection":[{"href":"https:\/\/calu.me\/bitacora\/wp-json\/wp\/v2\/posts"}],"about":[{"href":"https:\/\/calu.me\/bitacora\/wp-json\/wp\/v2\/types\/post"}],"author":[{"embeddable":true,"href":"https:\/\/calu.me\/bitacora\/wp-json\/wp\/v2\/users\/1"}],"replies":[{"embeddable":true,"href":"https:\/\/calu.me\/bitacora\/wp-json\/wp\/v2\/comments?post=576"}],"version-history":[{"count":0,"href":"https:\/\/calu.me\/bitacora\/wp-json\/wp\/v2\/posts\/576\/revisions"}],"wp:attachment":[{"href":"https:\/\/calu.me\/bitacora\/wp-json\/wp\/v2\/media?parent=576"}],"wp:term":[{"taxonomy":"category","embeddable":true,"href":"https:\/\/calu.me\/bitacora\/wp-json\/wp\/v2\/categories?post=576"},{"taxonomy":"post_tag","embeddable":true,"href":"https:\/\/calu.me\/bitacora\/wp-json\/wp\/v2\/tags?post=576"}],"curies":[{"name":"wp","href":"https:\/\/api.w.org\/{rel}","templated":true}]}}