{"id":348,"date":"2009-08-19T09:41:35","date_gmt":"2009-08-19T14:41:35","guid":{"rendered":"http:\/\/calu.me\/bitacora\/?p=348"},"modified":"2012-07-18T16:50:03","modified_gmt":"2012-07-18T16:50:03","slug":"mtsi-conversando-en-red-con-el-nuevo-ministro","status":"publish","type":"post","link":"https:\/\/calu.me\/bitacora\/2009\/08\/19\/mtsi-conversando-en-red-con-el-nuevo-ministro.html","title":{"rendered":"[#mtsi] Conversando en red con el nuevo Ministro"},"content":{"rendered":"<p><img loading=\"lazy\" decoding=\"async\" src=\"http:\/\/calu.me\/bitacora\/files\/2009\/08\/mtsi.jpg\" alt=\"mtsi\" width=\"337\" height=\"472\" style=\"float: right;margin: 0px 0px 20px 20px\" \/>La semana anterior a trav\u00e9s de diversos medios convencionales (<a href=\"http:\/\/www.elciudadano.gov.ec\/index.php?option=com_content&amp;view=article&amp;id=4840:ejecutivo-creo-el-ministerio-de-telecomunicaciones-y-de-la-sociedad-de-informacion-&amp;catid=1:actualidad\">El Ciudadano<\/a>, <a href=\"http:\/\/www.elcomercio.com\/noticiaEC.asp?id_noticia=297454&amp;id_seccion=3\">El Comercio<\/a>, <a href=\"http:\/\/www.eluniverso.com\/2009\/08\/13\/1\/1355\/94D5FEDA5359430BB07C299932331E26.html\">El Universo<\/a>) se oficializaba la creaci\u00f3n de dos nuevos ministerios; uno de ellos, el Ministerio de Telecomunicaciones y de la Sociedad de la Informaci\u00f3n [<a href=\"http:\/\/search.twitter.com\/search?q=+%23mtsi++-tikr_ru_news\">#mtsi<\/a>] vi\u00f3 la luz despu\u00e9s de casi un a\u00f1o de rumores y opiniones. Podr\u00eda ser una buena noticia para mucha gente que tenemos relaci\u00f3n con la tecnolog\u00eda o cualquier persona en general que vive en este pa\u00eds, despu\u00e9s de todo ya es bastante que este gobierno eleve a Ministerio un conjunto de tem\u00e1ticas que han estado dispersas en varias entidades y que tienen un largo camino para encontrar respuestas. Digo \u00abpodr\u00eda ser una buena noticia\u00bb porque no tengo elementos suficientes para estar muy seguro de que \u2013despu\u00e9s de todo\u2013 sea una buena noticia, sin embargo me anima a pensar que los \u00abmandantes\u00bb (tal como nos llama el Presidente) podemos y debemos ser parte activa en muchas de las decisiones pol\u00edticas de los \u00abmandatarios\u00bb.<\/p>\n<p>En este punto, si el <strong>Manifiesto Cluetrain<\/strong> (Tren de claves) no te suena para nada, antes de seguir por favor g\u00e1state 10 minutos en leer los <a href=\"http:\/\/es.wikipedia.org\/wiki\/Manifiesto_Cluetrain\">95 planteamientos<\/a>, y si ya te lo has pegado antes pues no viene mal una segunda lectura m\u00e1s concienzuda.<\/p>\n<p>Pues bien, luego de conversar con algunos conocidos creo que es el momento de que el colectivo ecuatoriano relacionado con la tecnolog\u00eda ponga a prueba su capacidad de organizarse, de plantear propuestas y de pedir acciones. Ya hay bastante de blogs personales mostrando la foto del gatito, y usuarios de Twitter o FaceBook est\u00e9riles e in\u00fatiles. Dar un paso en funci\u00f3n de una maduraci\u00f3n requiere reflexi\u00f3n y acci\u00f3n. Los beneficios pagar\u00e1n el esfuerzo. Parafraseando al mismo Manifiesto Cluetrain (postulado #12), a\u00fan sigo creyendo que todos juntos, conectados y organizados sabemos m\u00e1s de este pa\u00eds que el mismo Estado o sus Ministerios de reciente creaci\u00f3n, por tanto no es una opci\u00f3n quedarse callados o solamente criticar por criticar. Es el momento de corroborar nuestra madurez o de desechar esa posibilidad.<\/p>\n<p>\u00bfC\u00f3mo hacerlo? Lo m\u00e1s simple y concreto posible, usando nuestros propios medios que est\u00e9n a nuestro alcance. La iniciativa se compone de tres fases:<\/p>\n<ol>\n<li>A trav\u00e9s de una <em>wiki<\/em> vamos a elaborar entre todos un listado de preguntas y\/o propuestas que ser\u00e1n conversadas y discutidas con el Ministro. Durante dos semanas, empezando desde hoy y hasta el 2 de septiembre estaremos aportando continuamente para darle m\u00e1s forma a este contenido. <a href=\"http:\/\/techdayuio.pbworks.com\/Ministerio-de-Telecomunicaciones-y-de-la-Sociedad-de-la-Informaci\u00f3n\">Ya puedes empezar a aportar ahora mismo en la <em>wiki<\/em> elaborada para el efecto<\/a>.<\/li>\n<li>Dos o tres personas del colectivo ser\u00e1n las encargadas de entrevistarse con el Ministro despu\u00e9s de haber trabajado el punto anterior. Recoger\u00e1n sus declaraciones en audio y\/o transcripci\u00f3n de texto que resulte de esa conversaci\u00f3n y dejar\u00e1n todo el material publicado para que est\u00e9 disponible  a todos.<\/li>\n<li>Cada uno de los apuntados a la iniciativa tomar\u00e1 ese material publicado y lo republicar\u00e1 adecuadamente en su blog agregando su aporte, criterio, comentario o propuesta personal, enriqueciendo la discusi\u00f3n y generando m\u00e1s opiniones.<\/li>\n<\/ol>\n<p>Las diferencias con una entrevista formal de cualquier medio convencional saltan a la vista en los 3 puntos: 1. Seremos un colectivo el que elabora la agenda de preguntas, no solamente un periodista con su editor, 2. Las respuestas estar\u00e1n disponibles sin editar, de manera \u00edntegra, sin cortes y al alcance de todos, y 3. Habr\u00e1 mucha retroalimentaci\u00f3n, generando opini\u00f3n y criterio por parte de todos al responder con nuevos aportes, no ser\u00e1 un di\u00e1logo en una v\u00eda, ser\u00e1 una conversaci\u00f3n en red.<\/p>\n<p>Est\u00e1s invitado\/a no solamente a unirte sino tambi\u00e9n a promocionar esta iniciativa dentro y fuera de \u00abla burbuja\u00bb, invitando a otros y tambi\u00e9n aportando en la <a href=\"http:\/\/techdayuio.pbworks.com\/Ministerio-de-Telecomunicaciones-y-de-la-Sociedad-de-la-Informaci\u00f3n\"><em>wiki<\/em><\/a>. Todas las ideas de mejora son bienvenidas.<\/p>\n","protected":false},"excerpt":{"rendered":"<p>La semana anterior a trav\u00e9s de diversos medios convencionales (El Ciudadano, El Comercio, El Universo) se oficializaba la creaci\u00f3n de dos nuevos ministerios; uno de ellos, el Ministerio de Telecomunicaciones y de la Sociedad de la Informaci\u00f3n [#mtsi] vi\u00f3 la luz despu\u00e9s de casi un a\u00f1o de rumores y opiniones. Podr\u00eda ser una buena noticia [&hellip;]<\/p>\n","protected":false},"author":1,"featured_media":0,"comment_status":"open","ping_status":"open","sticky":false,"template":"","format":"standard","meta":{"footnotes":""},"categories":[16,19],"tags":[141,233],"class_list":["post-348","post","type-post","status-publish","format-standard","hentry","category-politica","category-tecnologia","tag-ecuador","tag-mtsi"],"_links":{"self":[{"href":"https:\/\/calu.me\/bitacora\/wp-json\/wp\/v2\/posts\/348","targetHints":{"allow":["GET"]}}],"collection":[{"href":"https:\/\/calu.me\/bitacora\/wp-json\/wp\/v2\/posts"}],"about":[{"href":"https:\/\/calu.me\/bitacora\/wp-json\/wp\/v2\/types\/post"}],"author":[{"embeddable":true,"href":"https:\/\/calu.me\/bitacora\/wp-json\/wp\/v2\/users\/1"}],"replies":[{"embeddable":true,"href":"https:\/\/calu.me\/bitacora\/wp-json\/wp\/v2\/comments?post=348"}],"version-history":[{"count":1,"href":"https:\/\/calu.me\/bitacora\/wp-json\/wp\/v2\/posts\/348\/revisions"}],"predecessor-version":[{"id":858,"href":"https:\/\/calu.me\/bitacora\/wp-json\/wp\/v2\/posts\/348\/revisions\/858"}],"wp:attachment":[{"href":"https:\/\/calu.me\/bitacora\/wp-json\/wp\/v2\/media?parent=348"}],"wp:term":[{"taxonomy":"category","embeddable":true,"href":"https:\/\/calu.me\/bitacora\/wp-json\/wp\/v2\/categories?post=348"},{"taxonomy":"post_tag","embeddable":true,"href":"https:\/\/calu.me\/bitacora\/wp-json\/wp\/v2\/tags?post=348"}],"curies":[{"name":"wp","href":"https:\/\/api.w.org\/{rel}","templated":true}]}}