{"id":1537,"date":"2016-10-28T12:35:55","date_gmt":"2016-10-28T17:35:55","guid":{"rendered":"http:\/\/calu.me\/bitacora\/?p=1537"},"modified":"2016-10-28T12:35:55","modified_gmt":"2016-10-28T17:35:55","slug":"innotransfer-en-arequipa-y-el-ecosistema-emprendedor-peruano","status":"publish","type":"post","link":"https:\/\/calu.me\/bitacora\/2016\/10\/28\/innotransfer-en-arequipa-y-el-ecosistema-emprendedor-peruano.html","title":{"rendered":"#INNOTRANSFER en Arequipa y el ecosistema emprendedor peruano"},"content":{"rendered":"<p>Semanas atr\u00e1s <a href=\"https:\/\/www.linkedin.com\/in\/lshimokawa\">Lennon Shimokawa<\/a> de <a href=\"https:\/\/devacademy.la\/\">devAcademy<\/a> comentaba los <a href=\"https:\/\/stories.devacademy.la\/3-retos-de-emprender-en-tecnolog%C3%ADa-fuera-de-la-capital-y-por-qu%C3%A9-vale-la-pena-51b7021f4ef0\">tres principales retos<\/a> a la hora de emprender en tecnolog\u00eda fuera de la capital, en su caso desde <a href=\"https:\/\/es.wikipedia.org\/wiki\/Ica\">Ica<\/a> (Per\u00fa). Con una imagen sugerente de un salm\u00f3n nadando a contracorriente, y en un tono convencido de hacer que las cosas pasen, Lennon cita esos tres retos: a) problemas de acceso a internet, b) bajo nivel acad\u00e9mico de las universidades, y c) un peque\u00f1o ecosistema tecnol\u00f3gico y de emprendimiento.<\/p>\n<p>Leer ese post desde el otro lado de la frontera, en mi caso Ecuador, y contextualizado en mi actividad profesional ejercida en el \u00faltimo decenio, hizo que me sienta identificado con mi ciudad que no es capital (Loja), con la <a href=\"http:\/\/www.utpl.edu.ec\/\">universidad donde trabajo<\/a>, y concretamente con el Centro de Emprendimiento <a href=\"http:\/\/prendho.com\/\">prendho<\/a> que adem\u00e1s de incubar emprendimientos ha podido impactar en el ecosistema ecuatoriano.<\/p>\n<p>Por otro lado, hace exactamente cinco meses atr\u00e1s, desde <a href=\"http:\/\/calu.me\/bitacora\/2016\/07\/27\/noggalito-un-ano-despues.html\">noggalito<\/a> empezamos a buscar relaciones de negocios y de oferta de empleo en el norte peruano, concretamente en Piura. Desde entonces hemos seguido un bucle repetitivo de abrir una puerta para encontrar una oportunidad de desarrollo que luego de caminar algunos pasos nos vuelve a invitar a abrir nuevas puertas a nuevas oportunidades a\u00fan m\u00e1s grandes. Siete viajes seguidos a <a href=\"https:\/\/es.wikipedia.org\/wiki\/Piura\">Piura<\/a> y <a href=\"https:\/\/es.wikipedia.org\/wiki\/Chiclayo\">Chiclayo<\/a> para contactar desarrolladores, emprendimientos, comerciantes, universidades, gobiernos&#8230; y restaurantes con excelente comida, me han corroborado lo que intu\u00eda desde el inicio:<\/p>\n<li>La regi\u00f3n sur del Ecuador tiene su mirada puesta en el norte del pa\u00eds, quiere proyectarse hacia Guayaquil o Quito. La regi\u00f3n norte del Per\u00fa \u00abmira\u00bb al sur del pa\u00eds, se compara o anhela relacionarse con Lima. Pero ambas regiones a\u00fan no logran girar 180 grados cada una para verse y descubrirse, para enterarse del tremendo potencial complementario y mucho m\u00e1s cercano geogr\u00e1ficamente.<\/li>\n<li>Cada zona de frontera podr\u00eda ser la \u00abpuerta de entrada\u00bb a su pa\u00eds que la ofrece al pa\u00eds vecino, pero le falta prepararse competitivamente, perder el miedo a relacionarse, y dar el salto cruzando la l\u00ednea de frontera.<\/li>\n<li>Compartimos una gran base hist\u00f3rica de culturas ancestrales como los vicus, tallanes, bracamoros, mochica, vir\u00fa, paltas, etc., en un enclave geogr\u00e1fico ocupado antiguamente por la <a href=\"http:\/\/www.eltelegrafo.com.ec\/noticias\/regional-sur\/1\/fue-la-gobernacion-de-yaguarzongo-una-nacion-antes-de-ecuador\">Gobernaci\u00f3n de Yaguarzongo<\/a>.<\/li>\n<li>\u00bfY en emprendimiento? Desde el sur de Ecuador <strong>prendho<\/strong> <a href=\"http:\/\/calu.me\/bitacora\/2015\/04\/23\/prendho-una-nueva-pagina.html\">viene operando hace poco m\u00e1s de tres a\u00f1os<\/a>, pero&#8230; no hay una incubadora de emprendimientos atendiendo a la zona norte del Per\u00fa.<\/li>\n<p><img loading=\"lazy\" decoding=\"async\" src=\"http:\/\/calu.me\/bitacora\/files\/2016\/10\/innotransfer-300x142.png\" alt=\"innotransfer\" width=\"300\" height=\"142\" class=\"alignnone size-medium wp-image-1542\" style=\"float:right;padding:0px 0px 20px 20px;\" srcset=\"https:\/\/calu.me\/bitacora\/wp-content\/blogs.dir\/2\/files\/2016\/10\/innotransfer-300x142.png 300w, https:\/\/calu.me\/bitacora\/wp-content\/blogs.dir\/2\/files\/2016\/10\/innotransfer-768x362.png 768w, https:\/\/calu.me\/bitacora\/wp-content\/blogs.dir\/2\/files\/2016\/10\/innotransfer.png 820w\" sizes=\"auto, (max-width: 300px) 100vw, 300px\" \/>Por otro lado, la <a href=\"https:\/\/ucsp.edu.pe\/\">Universidad Cat\u00f3lica San Pablo<\/a> ubicada en <a href=\"https:\/\/es.wikipedia.org\/wiki\/Arequipa\">Arequipa<\/a> lleva adelante su incubadora de emprendimientos <a href=\"https:\/\/twitter.com\/kamanucsp\">Kaman<\/a>, siendo la \u00fanica operando fuera de Lima. Hace un par de semanas organiz\u00f3 el <a href=\"http:\/\/innotransfer.ucsp.edu.pe\/\">INNOTRANSFER<\/a>, un evento que aglutin\u00f3 al ecosistema emprendedor peruano, y que personalmente me aport\u00f3 mucho a visionar y entender la complejidad del estado situacional antes de lanzarse a promover iniciativas de emprendimiento en el norte peruano. Sobra decir que uno de los d\u00edas dediqu\u00e9 a conocer una de las ciudades m\u00e1s hermosas del Per\u00fa (a mi criterio), y que algo qued\u00f3 grabado en <a href=\"https:\/\/www.flickr.com\/photos\/calu777\/albums\/72157673908883332\">las fotos que me traje<\/a>.<\/p>\n<p>Dicho esto, juntando todos los elementos que he podido seleccionar en estos \u00faltimos cinco meses, creo que es el momento para lanzarse a construir espacios y oportunidades que impacten en ese entorno econ\u00f3mico y social del norte peruano, concibiendo a <strong>noggalito<\/strong> como un brazo ejecutor de lo que <strong>prendho<\/strong> y la universidad que lo cobija pueda transferir, desarrollando estrategias de <em>softlanding<\/em> o co-incubaci\u00f3n a ambos lados de la frontera. Pero adem\u00e1s, este espacio por crear (ll\u00e1mese incubadora, aceleradora, etc.) ser\u00e1 la punta del iceberg para construir a largo plazo un cl\u00faster o corredor binacional focalizado en la gran macroregi\u00f3n ecuaperuana.<\/p>\n","protected":false},"excerpt":{"rendered":"<p>Semanas atr\u00e1s Lennon Shimokawa de devAcademy comentaba los tres principales retos a la hora de emprender en tecnolog\u00eda fuera de la capital, en su caso desde Ica (Per\u00fa). Con una imagen sugerente de un salm\u00f3n nadando a contracorriente, y en un tono convencido de hacer que las cosas pasen, Lennon cita esos tres retos: a) [&hellip;]<\/p>\n","protected":false},"author":1,"featured_media":0,"comment_status":"open","ping_status":"open","sticky":false,"template":"","format":"standard","meta":{"footnotes":""},"categories":[4,479],"tags":[489,468,490,255,488],"class_list":["post-1537","post","type-post","status-publish","format-standard","hentry","category-ecuaperu","category-emprendimiento","tag-arequipa","tag-ecuaperu","tag-kaman","tag-peru","tag-ucsp"],"_links":{"self":[{"href":"https:\/\/calu.me\/bitacora\/wp-json\/wp\/v2\/posts\/1537","targetHints":{"allow":["GET"]}}],"collection":[{"href":"https:\/\/calu.me\/bitacora\/wp-json\/wp\/v2\/posts"}],"about":[{"href":"https:\/\/calu.me\/bitacora\/wp-json\/wp\/v2\/types\/post"}],"author":[{"embeddable":true,"href":"https:\/\/calu.me\/bitacora\/wp-json\/wp\/v2\/users\/1"}],"replies":[{"embeddable":true,"href":"https:\/\/calu.me\/bitacora\/wp-json\/wp\/v2\/comments?post=1537"}],"version-history":[{"count":6,"href":"https:\/\/calu.me\/bitacora\/wp-json\/wp\/v2\/posts\/1537\/revisions"}],"predecessor-version":[{"id":1544,"href":"https:\/\/calu.me\/bitacora\/wp-json\/wp\/v2\/posts\/1537\/revisions\/1544"}],"wp:attachment":[{"href":"https:\/\/calu.me\/bitacora\/wp-json\/wp\/v2\/media?parent=1537"}],"wp:term":[{"taxonomy":"category","embeddable":true,"href":"https:\/\/calu.me\/bitacora\/wp-json\/wp\/v2\/categories?post=1537"},{"taxonomy":"post_tag","embeddable":true,"href":"https:\/\/calu.me\/bitacora\/wp-json\/wp\/v2\/tags?post=1537"}],"curies":[{"name":"wp","href":"https:\/\/api.w.org\/{rel}","templated":true}]}}