{"id":123,"date":"2007-10-25T10:00:21","date_gmt":"2007-10-25T15:00:21","guid":{"rendered":"http:\/\/calu.me\/bitacora\/2007\/10\/25\/al-filo-de-la-paz-y-la-orden-el-sol-de-peru.html"},"modified":"2007-10-25T10:00:21","modified_gmt":"2007-10-25T15:00:21","slug":"al-filo-de-la-paz-y-la-orden-el-sol-de-peru","status":"publish","type":"post","link":"https:\/\/calu.me\/bitacora\/2007\/10\/25\/al-filo-de-la-paz-y-la-orden-el-sol-de-peru.html","title":{"rendered":"Al filo de la Paz y la Orden \u00abEl Sol\u00bb de Per\u00fa"},"content":{"rendered":"<p><img decoding=\"async\" src=\"http:\/\/calu.me\/bitacora\/bodega\/2006\/09\/IMG_2408.jpg\" alt=\"IMG_2408.jpg\" style=\"float: right;margin: 0px 0px 10px 10px\" \/>Ma\u00f1ana se cumplen 9 a\u00f1os de la firma de la paz entre Ecuador y Per\u00fa. Mientras en muchos sitios de este planeta y en este preciso momento se est\u00e1n dando bala, hay guerra y muerte, ac\u00e1 en Latinoam\u00e9rica hay \u00abalgo\u00bb de paz, un hito que sin duda merece la atenci\u00f3n y el reconocimiento no solamente de peruanos y ecuatorianos. Se cumpli\u00f3 un milagro al firmar la paz, aunque para muchos no fue ni ser\u00e1 un milagro, porque esos muchos nunca han vivido en una zona de conflicto, en una frontera imaginaria.<\/p>\n<p>Para esta fecha nunca pudo ser m\u00e1s oportuno que un libro altamente recomendable para los interesados en la soluci\u00f3n pac\u00edfica entre Ecuador y Per\u00fa, su autor, Pablo Cuvi, entrevista a 11 protagonistas (incluyendo a los dos ex-presidentes Mahuad y Fujimori) y nos entrega en marzo de 1999 la primera edici\u00f3n.<\/p>\n<p>Personalmente quisiera rescatar algunos p\u00e1rrafos, empezando por Jos\u00e9 Ayala quien se refiere a las posiciones y criterios que los ecuatorianos ten\u00edamos frente al conflicto, en d\u00f3nde hace referencia a la \u00abtercera opnion\u00bb: &#8230;<!--more--><\/p>\n<blockquote><p>&#8230;La tercera, que una opini\u00f3n tiene el bur\u00f3crata que trabaja en grandes ciudades, Quito o Guayaquil, y no siente directamente el problema. Esa opini\u00f3n no puede reflejar la realidad de quienes viven la situaci\u00f3n de frontera, como en El Oro y Loja. La opini\u00f3n en El Oro y Loja era una opini\u00f3n de provincias tradicionalmente abandonadas, sobretodo Loja, por los poderes p\u00fablicos, y no porque si, sino porque hab\u00eda una concepci\u00f3n estrat\u00e9gica de pa\u00eds frente al Per\u00fa que perjudicaba el desarrollo de esas provincias. En Loja no hay carreteras, \u00bfpor qu\u00e9? No s\u00f3lo porque Loja est\u00e1 lejos y porque es el \u00faltimo rinc\u00f3n del mundo, <a href=\"http:\/\/www.lojanos.com\/BenjaminCarrion.html\">como dec\u00eda un escritor<\/a>, sino por determinadas concepciones estrat\u00e9gicas.<\/p>\n<p><b>\u00bfPara que el enemigo no avance desde la frontera?<\/b><br \/>\nSe lleg\u00f3 hasta ese punto en algunos momentos. Esto ha ocurrido, no le digo ahora, pero en estos cincuenta y seis \u00faltimos a\u00f1os. La falta de obra p\u00fablica en esas provincias no es cosa de este gobierno, del anterior, o del anterior. Es una larga responsabilidad.<\/p>\n<p><b>Ese olvido es casi una pol\u00edtica de Estado<\/b><br \/>\nExacto. Fig\u00farese usted que esa gente me dec\u00eda: \u00abSe\u00f1or, siga negociando porque nosotros sufrimos aqu\u00ed cada vez que hay un incidente de frontera; aqu\u00ed pensamos de manera diferenteque los que en Quito o en Guayaquil est\u00e1n tratando temas econ\u00f3micos\u00bb. De modo que esa fue otra de las revelaciones que tuve al recorrer el pa\u00eds. Luego, una cuarta: que no solamente las provincias de frontera quer\u00edan la paz, la paz negociada. En los lugares m\u00e1s incre\u00edbles usted encontraba personas que dec\u00edan: \u00abYo vivo lej\u00edsimos de la zona de conflicto, no me tocan los efectos de una crisis inmediata en la frontera, pero s\u00ed me tocan los efectos de la crisis nacional, producto de la crisis de frontera\u00bb. Gente de Esmeraldas, de Imbabura, me dec\u00edan: \u00abSe\u00f1or, negocie la paz\u00bb.<\/p><\/blockquote>\n<p>Otro de los entrevistados, Jos\u00e9 Gallarado, al cometar sobre la ausencia del hito 20 que en su reemplazo hab\u00eda un \u00e1rbol, comenta sobre lo que suced\u00eda con ambos ej\u00e9rcitos en la linea de frontera:<\/p>\n<blockquote><p><b>\u00bfY qu\u00e9 pas\u00f3 con ese \u00e1rbol?<\/b><br \/>\nLo hab\u00edan quemado; sin embargo, como era tan corpulento, segu\u00eda el tronco all\u00ed y adem\u00e1s hab\u00eda una peque\u00f1a cancha de indorf\u00fatbol donde inclusive <i>(rie)<\/i> se produc\u00edan encuentros internacionales.<br \/>\n<b>\u00bfPero nunca hubo un puesto ah\u00ed, ni de Per\u00fa ni de Ecuador?<\/b><br \/>\nNo, estaba entre Chiqueiza y Teniente Ortiz, justamente al medio, y ah\u00ed jugaban indorf\u00fatbol los dos destacamentos&#8230;<\/p><\/blockquote>\n<p>M\u00e1s adelante, sobre los submarinos:<\/p>\n<blockquote><p><b>Hab\u00eda submarinos en el Golfo de Guayaquil, \u00bfno?<\/b><br \/>\nUna vez detectamos uno delante de Manta: se sumergi\u00f3 y lo perseguimos. Hac\u00edamos un constante patrullaje con la Fuerza Naval y la Fuerza A\u00e9rea&#8230;<\/p><\/blockquote>\n<p>Pero no solamente de libros voy a comentar ahora. El Per\u00fa tiene una distinci\u00f3n que es tan antigua como el nacimiento de su gobierno rep\u00fabicano, all\u00e1 por el a\u00f1o 1821 se decret\u00f3 la condecoraci\u00f3n Orden El Sol de Per\u00fa. El lunes pasado en el <a href=\"http:\/\/www.utpl.edu.ec\/cconvenciones\/index.php\">Centro de Convenciones<\/a> de la UTPL se entreg\u00f3 esta distinci\u00f3n en grado de Gran Oficial al ex-alcalde de Loxa y actual diputado de la provincia Jos\u00e9 Bol\u00edvar Castillo Vivanco.<\/p>\n<p align=\"center\"><img src='http:\/\/calu.me\/bitacora\/bodega\/2007\/10\/jbcastillo.jpg' alt='' \/><br \/>Foto tomada de <a href=\"http:\/\/lahora.com.ec\/frontEnd\/main.php?idSeccion=633796\">Diario \u00abLa Hora\u00bb<\/a><\/p>\n<p>Su discurso estuvo fuera del entorno politiquero y demagogo, algo que es poco com\u00fan en nuestros pol\u00edticos. Su enfoque no se qued\u00f3 solamente en el pasado, y aprovech\u00f3 la atenci\u00f3n y los micr\u00f3fonos para proyectar el futuro de la regi\u00f3n ecuaperuana (t\u00e9rmino acu\u00f1ado por el periodista piurano Juan Vicente Requejo) a trav\u00e9s de la V\u00eda Interoce\u00e1nica, y si, tambi\u00e9n se nombr\u00f3 al <a href=\"http:\/\/calu.me\/bitacora\/2006\/10\/31\/travesia-al-pongo-de-manseriche-dia-0.html\">Pongo de Manseriche<\/a>, a la regi\u00f3n en donde \u00ablos andes se agachan\u00bb y a la integraci\u00f3n entre la red fluvial amaz\u00f3nica y la cuenca del Pac\u00edfico. Para la historia queda su discurso en audio a continuaci\u00f3n:<\/p>\n<p align=\"center\">\n<p>Feliz d\u00eda de la paz y de la ecuaperuanidad !<\/p>\n<p>[Tags]ur1101ec, paz, ecuador, per\u00fa, ecuaper\u00fa, manseriche[\/Tags] <\/p>\n","protected":false},"excerpt":{"rendered":"<p>Ma\u00f1ana se cumplen 9 a\u00f1os de la firma de la paz entre Ecuador y Per\u00fa. Mientras en muchos sitios de este planeta y en este preciso momento se est\u00e1n dando bala, hay guerra y muerte, ac\u00e1 en Latinoam\u00e9rica hay \u00abalgo\u00bb de paz, un hito que sin duda merece la atenci\u00f3n y el reconocimiento no solamente [&hellip;]<\/p>\n","protected":false},"author":1,"featured_media":0,"comment_status":"open","ping_status":"open","sticky":false,"template":"","format":"standard","meta":{"footnotes":""},"categories":[4,11,12,16,17],"tags":[141,468,225,251,255,340],"class_list":["post-123","post","type-post","status-publish","format-standard","hentry","category-ecuaperu","category-libros","category-loja","category-politica","category-pongo-de-manseriche","tag-ecuador","tag-ecuaperu","tag-manseriche","tag-paz","tag-peru","tag-ur1101ec"],"_links":{"self":[{"href":"https:\/\/calu.me\/bitacora\/wp-json\/wp\/v2\/posts\/123","targetHints":{"allow":["GET"]}}],"collection":[{"href":"https:\/\/calu.me\/bitacora\/wp-json\/wp\/v2\/posts"}],"about":[{"href":"https:\/\/calu.me\/bitacora\/wp-json\/wp\/v2\/types\/post"}],"author":[{"embeddable":true,"href":"https:\/\/calu.me\/bitacora\/wp-json\/wp\/v2\/users\/1"}],"replies":[{"embeddable":true,"href":"https:\/\/calu.me\/bitacora\/wp-json\/wp\/v2\/comments?post=123"}],"version-history":[{"count":0,"href":"https:\/\/calu.me\/bitacora\/wp-json\/wp\/v2\/posts\/123\/revisions"}],"wp:attachment":[{"href":"https:\/\/calu.me\/bitacora\/wp-json\/wp\/v2\/media?parent=123"}],"wp:term":[{"taxonomy":"category","embeddable":true,"href":"https:\/\/calu.me\/bitacora\/wp-json\/wp\/v2\/categories?post=123"},{"taxonomy":"post_tag","embeddable":true,"href":"https:\/\/calu.me\/bitacora\/wp-json\/wp\/v2\/tags?post=123"}],"curies":[{"name":"wp","href":"https:\/\/api.w.org\/{rel}","templated":true}]}}