{"id":1086,"date":"2013-01-21T07:55:45","date_gmt":"2013-01-21T07:55:45","guid":{"rendered":"http:\/\/calu.me\/bitacora\/?p=1086"},"modified":"2013-01-21T07:57:58","modified_gmt":"2013-01-21T07:57:58","slug":"1086","status":"publish","type":"post","link":"https:\/\/calu.me\/bitacora\/2013\/01\/21\/1086.html","title":{"rendered":"#ConPE Conect\u00e1ndonos: Per\u00fa"},"content":{"rendered":"<p><img loading=\"lazy\" decoding=\"async\" src=\"http:\/\/calu.me\/bitacora\/files\/2013\/01\/conpe.jpg\" alt=\"conpe\" width=\"375\" height=\"293\" class=\"aligncenter size-full wp-image-1089\" style=\"float: right;margin: 0px 0px 20px 20px\" srcset=\"https:\/\/calu.me\/bitacora\/wp-content\/blogs.dir\/2\/files\/2013\/01\/conpe.jpg 400w, https:\/\/calu.me\/bitacora\/wp-content\/blogs.dir\/2\/files\/2013\/01\/conpe-300x234.jpg 300w\" sizes=\"auto, (max-width: 375px) 100vw, 375px\" \/>En <a href=\"http:\/\/calu.me\/bitacora\/2012\/05\/28\/conecu-conectandonos-ecuador-un-breve-resumen.html\">mayo del a\u00f1o anterior<\/a> tuvimos en UTPL <a href=\"http:\/\/www.conectandonos.net\/ecuador\/\">Conect\u00e1ndonos: Ecuador (#ConEcu)<\/a> que \u2013inclusive\u2013 lleg\u00f3 a ser <a href=\"http:\/\/twitpic.com\/9oto5u\/full\">TT nacional<\/a>. #ConECU fue el segundo en su g\u00e9nero <a href=\"http:\/\/www.conectandonos.net\/bolivia\/\">despu\u00e9s de Bolivia<\/a>. Este a\u00f1o se lanza <a href=\"http:\/\/www.conectandonos.net\/peru\/\"><strong>Conect\u00e1ndonos: Per\u00fa<\/strong><\/a>, la <a href=\"http:\/\/www.conectandonos.net\/peru\/convocatoria\/\">convocatoria<\/a> estar\u00e1 abierta hasta el 1 de febrero pr\u00f3ximo.<\/p>\n<p>Aunque las estad\u00edsticas de visita de este blog son relativamente bajas desde Per\u00fa, no est\u00e1 por dem\u00e1s animar a que se puedan presentar las postulaciones para asistir a este encuentro. Adem\u00e1s, los organizadores me han invitado para asistir como facilitador a mi <del datetime=\"2013-01-18T22:32:31+00:00\">primera<\/del> segunda patria, lo cual llena de alegr\u00eda. Para los dias del evento, ofrezco comentar lo que suceda con la etiqueta <a href=\"https:\/\/twitter.com\/search\/realtime?q=%23ConPE\">#ConPE<\/a> desde <a href=\"https:\/\/twitter.com\/calu\">mi cuenta de Twitter<\/a>.<\/p>\n","protected":false},"excerpt":{"rendered":"<p>En mayo del a\u00f1o anterior tuvimos en UTPL Conect\u00e1ndonos: Ecuador (#ConEcu) que \u2013inclusive\u2013 lleg\u00f3 a ser TT nacional. #ConECU fue el segundo en su g\u00e9nero despu\u00e9s de Bolivia. Este a\u00f1o se lanza Conect\u00e1ndonos: Per\u00fa, la convocatoria estar\u00e1 abierta hasta el 1 de febrero pr\u00f3ximo. Aunque las estad\u00edsticas de visita de este blog son relativamente bajas [&hellip;]<\/p>\n","protected":false},"author":1,"featured_media":0,"comment_status":"open","ping_status":"open","sticky":false,"template":"","format":"standard","meta":{"footnotes":""},"categories":[4,19],"tags":[430,431,255],"class_list":["post-1086","post","type-post","status-publish","format-standard","hentry","category-ecuaperu","category-tecnologia","tag-conec","tag-conpe","tag-peru"],"_links":{"self":[{"href":"https:\/\/calu.me\/bitacora\/wp-json\/wp\/v2\/posts\/1086","targetHints":{"allow":["GET"]}}],"collection":[{"href":"https:\/\/calu.me\/bitacora\/wp-json\/wp\/v2\/posts"}],"about":[{"href":"https:\/\/calu.me\/bitacora\/wp-json\/wp\/v2\/types\/post"}],"author":[{"embeddable":true,"href":"https:\/\/calu.me\/bitacora\/wp-json\/wp\/v2\/users\/1"}],"replies":[{"embeddable":true,"href":"https:\/\/calu.me\/bitacora\/wp-json\/wp\/v2\/comments?post=1086"}],"version-history":[{"count":8,"href":"https:\/\/calu.me\/bitacora\/wp-json\/wp\/v2\/posts\/1086\/revisions"}],"predecessor-version":[{"id":1096,"href":"https:\/\/calu.me\/bitacora\/wp-json\/wp\/v2\/posts\/1086\/revisions\/1096"}],"wp:attachment":[{"href":"https:\/\/calu.me\/bitacora\/wp-json\/wp\/v2\/media?parent=1086"}],"wp:term":[{"taxonomy":"category","embeddable":true,"href":"https:\/\/calu.me\/bitacora\/wp-json\/wp\/v2\/categories?post=1086"},{"taxonomy":"post_tag","embeddable":true,"href":"https:\/\/calu.me\/bitacora\/wp-json\/wp\/v2\/tags?post=1086"}],"curies":[{"name":"wp","href":"https:\/\/api.w.org\/{rel}","templated":true}]}}